{"id":8440,"date":"2018-05-09T07:13:13","date_gmt":"2018-05-09T13:13:13","guid":{"rendered":"http:\/\/edmontonfusionfc.com\/?p=8440"},"modified":"2020-08-11T07:30:33","modified_gmt":"2020-08-11T13:30:33","slug":"soccer-en-francais-2018-une-premiere-ensoleillee","status":"publish","type":"post","link":"https:\/\/edmontonfusionfc.com\/fr\/soccer-en-francais-2018-une-premiere-ensoleillee\/","title":{"rendered":"Soccer en fran\u00e7ais 2018, une premi\u00e8re ensoleill\u00e9e."},"content":{"rendered":"<h1>Soccer en fran\u00e7ais, une premi\u00e8re ensoleill\u00e9e.<\/h1>\n<p><strong>La premi\u00e8re session du camp de printemps : Soccer en fran\u00e7ais s&rsquo;est d\u00e9roul\u00e9e ce samedi 5 mai \u00e0 l&rsquo;\u00c9cole Gabrielle-Roy. Les futures stars du ballon rond ont pu connaitre leurs camarades de jeu et entraineurs avec qui ils pratiqueront chaque samedi jusqu&rsquo;au 23 juin.<\/strong><\/p>\n<div id=\"attachment_5129\" style=\"width: 610px\" class=\"wp-caption alignnone\"><img decoding=\"async\" aria-describedby=\"caption-attachment-5129\" class=\"wp-image-5129 size-full lazyload\" data-src=\"http:\/\/edmontonfusionfc.com\/wp-content\/uploads\/Soccer-en-francais_Edmonton-Fusion-FC_5-e1545192325105.jpg\" alt=\"La premi\u00e8re session du camp de printemps soccer en Fran\u00e7ais.\" width=\"600\" height=\"370\" data-srcset=\"https:\/\/edmontonfusionfc.com\/wp-content\/uploads\/Soccer-en-francais_Edmonton-Fusion-FC_5-e1545192325105-500x308.jpg 500w, https:\/\/edmontonfusionfc.com\/wp-content\/uploads\/Soccer-en-francais_Edmonton-Fusion-FC_5-e1545192325105.jpg 600w\" data-sizes=\"(max-width: 600px) 100vw, 600px\" src=\"data:image\/svg+xml;base64,PHN2ZyB3aWR0aD0iMSIgaGVpZ2h0PSIxIiB4bWxucz0iaHR0cDovL3d3dy53My5vcmcvMjAwMC9zdmciPjwvc3ZnPg==\" style=\"--smush-placeholder-width: 600px; --smush-placeholder-aspect-ratio: 600\/370;\" \/><p id=\"caption-attachment-5129\" class=\"wp-caption-text\">La premi\u00e8re session du camp de printemps soccer en Fran\u00e7ais.<\/p><\/div>\n<p>Les jeunes participants \u00e9taient nombreux \u00e0 se pr\u00e9senter sur les terrains de soccer. Venus avec leur famille, ils ont pris leurs aises et marqu\u00e9 leurs premiers buts sous la supervision des quatre entraineurs. Certains parents se sont converti en entraineur-adjoint et ont \u00e9t\u00e9 impliqu\u00e9 dans de petites pratiques. Pour un grand nombre d&rsquo;enfants pr\u00e9sents, il s&rsquo;agit de la premi\u00e8re exp\u00e9rience avec le soccer. Cette s\u00e9ance a eu pour objectif principal de familiariser les enfants avec des petits exercices physiques et de courir avec le ballon.<\/p>\n<div id=\"attachment_5130\" style=\"width: 510px\" class=\"wp-caption alignleft\"><img decoding=\"async\" aria-describedby=\"caption-attachment-5130\" class=\"wp-image-5130 lazyload\" data-src=\"http:\/\/edmontonfusionfc.com\/wp-content\/uploads\/Soccer-en-francais_Edmonton-Fusion-FC_4-e1525834488555-1024x545.jpg\" alt=\"Une file d'attente s'est form\u00e9e en attendant la photographie.\" width=\"500\" height=\"266\" src=\"data:image\/svg+xml;base64,PHN2ZyB3aWR0aD0iMSIgaGVpZ2h0PSIxIiB4bWxucz0iaHR0cDovL3d3dy53My5vcmcvMjAwMC9zdmciPjwvc3ZnPg==\" style=\"--smush-placeholder-width: 500px; --smush-placeholder-aspect-ratio: 500\/266;\" \/><p id=\"caption-attachment-5130\" class=\"wp-caption-text\">Une file d&rsquo;attente s&rsquo;est form\u00e9e en attendant la photographie.<\/p><\/div>\n<p>Les cat\u00e9gories 3 ans et 4-5 ans ont \u00e9t\u00e9 les premi\u00e8res \u00e0 arriver, puis suivi des 6-8 ans et 9-10\u00a0ans.\u00a0Chaque enfant recevait un chandail \u00absoccer en fran\u00e7ais\u00bb et un ballon avec lequel pratiquer lors des entrainements. Pour la plupart, la photo individuelle officielle \u00e9tait le passage pr\u00e9alable avant de pouvoir fouler le terrain.<\/p>\n<p>Propos\u00e9e par le jeune photographe <a href=\"https:\/\/www.facebook.com\/TiDan20\">Daniel Th\u00e9riault<\/a>, les familles ayant choisi l&rsquo;option pourront se rem\u00e9morer des exploits de leur petit Ronaldo lors du tout premier camp de soccer en fran\u00e7ais d&rsquo;Edmonton!<\/p>\n<p>Certains joueurs avec une exp\u00e9rience pr\u00e9alable au soccer ont pu montrer tout leur potentiel et contribuer au jeu d&rsquo;\u00e9quipe. Les entraineurs et b\u00e9n\u00e9voles se sont converti en gardien au grand bonheur des buteurs.<\/p>\n<h2>La visite de Radio-Canada Ici Alberta.<\/h2>\n<p>Pour ajouter plus d&rsquo;\u00e9toiles aux yeux des enfants, quoi de mieux que la pr\u00e9sence d&rsquo;un journaliste? S\u00e9bastien Tanguay d&rsquo;Ici Alberta s&rsquo;est joint \u00e0 l&rsquo;\u00e9v\u00e8nement. Apr\u00e8s de courtes entrevues, il n&rsquo;a pas manqu\u00e9 de prendre quelques photos. Retrouvez ses quelques prises sur la <a href=\"https:\/\/www.facebook.com\/media\/set\/?set=a.1592496704133429.1073741914.179488658767581&amp;type=1&amp;l=b57bc98b2e\">page facebook de Ici Alberta<\/a>.<\/p>\n","protected":false},"excerpt":{"rendered":"<p>Soccer en fran\u00e7ais, une premi\u00e8re ensoleill\u00e9e. La premi\u00e8re session du camp de printemps : Soccer en fran\u00e7ais s&rsquo;est d\u00e9roul\u00e9e ce samedi 5 mai \u00e0 l&rsquo;\u00c9cole Gabrielle-Roy. Les futures stars du ballon [&hellip;]<\/p>\n","protected":false},"author":1,"featured_media":0,"comment_status":"closed","ping_status":"closed","sticky":false,"template":"","format":"standard","meta":{"footnotes":""},"categories":[931,935],"tags":[],"class_list":["post-8440","post","type-post","status-publish","format-standard","hentry","category-communaute_fr","category-soccer_fr"],"yoast_head":"<!-- This site is optimized with the Yoast SEO plugin v27.4 - https:\/\/yoast.com\/product\/yoast-seo-wordpress\/ -->\n<title>Soccer en fran\u00e7ais 2018, une premi\u00e8re ensoleill\u00e9e. - Edmonton Fusion FC<\/title>\n<meta name=\"robots\" content=\"index, follow, max-snippet:-1, max-image-preview:large, max-video-preview:-1\" \/>\n<link rel=\"canonical\" href=\"https:\/\/edmontonfusionfc.com\/fr\/soccer-en-francais-2018-une-premiere-ensoleillee\/\" \/>\n<meta property=\"og:locale\" content=\"fr_FR\" \/>\n<meta property=\"og:type\" content=\"article\" \/>\n<meta property=\"og:title\" content=\"Soccer en fran\u00e7ais 2018, une premi\u00e8re ensoleill\u00e9e. - Edmonton Fusion FC\" \/>\n<meta property=\"og:description\" content=\"Soccer en fran\u00e7ais, une premi\u00e8re ensoleill\u00e9e. La premi\u00e8re session du camp de printemps : Soccer en fran\u00e7ais s&rsquo;est d\u00e9roul\u00e9e ce samedi 5 mai \u00e0 l&rsquo;\u00c9cole Gabrielle-Roy. Les futures stars du ballon [&hellip;]\" \/>\n<meta property=\"og:url\" content=\"https:\/\/edmontonfusionfc.com\/fr\/soccer-en-francais-2018-une-premiere-ensoleillee\/\" \/>\n<meta property=\"og:site_name\" content=\"Edmonton Fusion FC\" \/>\n<meta property=\"article:publisher\" content=\"https:\/\/www.facebook.com\/EdmontonFusionFC\/\" \/>\n<meta property=\"article:author\" content=\"https:\/\/www.facebook.com\/EdmontonFusionFC\/\" \/>\n<meta property=\"article:published_time\" content=\"2018-05-09T13:13:13+00:00\" \/>\n<meta property=\"article:modified_time\" content=\"2020-08-11T13:30:33+00:00\" \/>\n<meta property=\"og:image\" content=\"http:\/\/edmontonfusionfc.com\/wp-content\/uploads\/Soccer-en-francais_Edmonton-Fusion-FC_5-e1545192325105.jpg\" \/>\n<meta name=\"author\" content=\"Edmonton Fusion FC\" \/>\n<meta name=\"twitter:card\" content=\"summary_large_image\" \/>\n<meta name=\"twitter:creator\" content=\"@EdmontonFusion\" \/>\n<meta name=\"twitter:site\" content=\"@EdmontonFusion\" \/>\n<meta name=\"twitter:label1\" content=\"\u00c9crit par\" \/>\n\t<meta name=\"twitter:data1\" content=\"Edmonton Fusion FC\" \/>\n\t<meta name=\"twitter:label2\" content=\"Dur\u00e9e de lecture estim\u00e9e\" \/>\n\t<meta name=\"twitter:data2\" content=\"2 minutes\" \/>\n<script type=\"application\/ld+json\" class=\"yoast-schema-graph\">{\"@context\":\"https:\\\/\\\/schema.org\",\"@graph\":[{\"@type\":\"Article\",\"@id\":\"https:\\\/\\\/edmontonfusionfc.com\\\/fr\\\/soccer-en-francais-2018-une-premiere-ensoleillee\\\/#article\",\"isPartOf\":{\"@id\":\"https:\\\/\\\/edmontonfusionfc.com\\\/fr\\\/soccer-en-francais-2018-une-premiere-ensoleillee\\\/\"},\"author\":{\"name\":\"Edmonton Fusion FC\",\"@id\":\"https:\\\/\\\/edmontonfusionfc.com\\\/#\\\/schema\\\/person\\\/666e98c15e7df549bc040245a7c4c677\"},\"headline\":\"Soccer en fran\u00e7ais 2018, une premi\u00e8re ensoleill\u00e9e.\",\"datePublished\":\"2018-05-09T13:13:13+00:00\",\"dateModified\":\"2020-08-11T13:30:33+00:00\",\"mainEntityOfPage\":{\"@id\":\"https:\\\/\\\/edmontonfusionfc.com\\\/fr\\\/soccer-en-francais-2018-une-premiere-ensoleillee\\\/\"},\"wordCount\":376,\"image\":{\"@id\":\"https:\\\/\\\/edmontonfusionfc.com\\\/fr\\\/soccer-en-francais-2018-une-premiere-ensoleillee\\\/#primaryimage\"},\"thumbnailUrl\":\"http:\\\/\\\/edmontonfusionfc.com\\\/wp-content\\\/uploads\\\/Soccer-en-francais_Edmonton-Fusion-FC_5-e1545192325105.jpg\",\"articleSection\":[\"Communaut\u00e9\",\"Soccer\"],\"inLanguage\":\"fr-FR\"},{\"@type\":\"WebPage\",\"@id\":\"https:\\\/\\\/edmontonfusionfc.com\\\/fr\\\/soccer-en-francais-2018-une-premiere-ensoleillee\\\/\",\"url\":\"https:\\\/\\\/edmontonfusionfc.com\\\/fr\\\/soccer-en-francais-2018-une-premiere-ensoleillee\\\/\",\"name\":\"Soccer en fran\u00e7ais 2018, une premi\u00e8re ensoleill\u00e9e. - Edmonton Fusion FC\",\"isPartOf\":{\"@id\":\"https:\\\/\\\/edmontonfusionfc.com\\\/#website\"},\"primaryImageOfPage\":{\"@id\":\"https:\\\/\\\/edmontonfusionfc.com\\\/fr\\\/soccer-en-francais-2018-une-premiere-ensoleillee\\\/#primaryimage\"},\"image\":{\"@id\":\"https:\\\/\\\/edmontonfusionfc.com\\\/fr\\\/soccer-en-francais-2018-une-premiere-ensoleillee\\\/#primaryimage\"},\"thumbnailUrl\":\"http:\\\/\\\/edmontonfusionfc.com\\\/wp-content\\\/uploads\\\/Soccer-en-francais_Edmonton-Fusion-FC_5-e1545192325105.jpg\",\"datePublished\":\"2018-05-09T13:13:13+00:00\",\"dateModified\":\"2020-08-11T13:30:33+00:00\",\"author\":{\"@id\":\"https:\\\/\\\/edmontonfusionfc.com\\\/#\\\/schema\\\/person\\\/666e98c15e7df549bc040245a7c4c677\"},\"breadcrumb\":{\"@id\":\"https:\\\/\\\/edmontonfusionfc.com\\\/fr\\\/soccer-en-francais-2018-une-premiere-ensoleillee\\\/#breadcrumb\"},\"inLanguage\":\"fr-FR\",\"potentialAction\":[{\"@type\":\"ReadAction\",\"target\":[\"https:\\\/\\\/edmontonfusionfc.com\\\/fr\\\/soccer-en-francais-2018-une-premiere-ensoleillee\\\/\"]}]},{\"@type\":\"ImageObject\",\"inLanguage\":\"fr-FR\",\"@id\":\"https:\\\/\\\/edmontonfusionfc.com\\\/fr\\\/soccer-en-francais-2018-une-premiere-ensoleillee\\\/#primaryimage\",\"url\":\"http:\\\/\\\/edmontonfusionfc.com\\\/wp-content\\\/uploads\\\/Soccer-en-francais_Edmonton-Fusion-FC_5-e1545192325105.jpg\",\"contentUrl\":\"http:\\\/\\\/edmontonfusionfc.com\\\/wp-content\\\/uploads\\\/Soccer-en-francais_Edmonton-Fusion-FC_5-e1545192325105.jpg\"},{\"@type\":\"BreadcrumbList\",\"@id\":\"https:\\\/\\\/edmontonfusionfc.com\\\/fr\\\/soccer-en-francais-2018-une-premiere-ensoleillee\\\/#breadcrumb\",\"itemListElement\":[{\"@type\":\"ListItem\",\"position\":1,\"name\":\"Home\",\"item\":\"https:\\\/\\\/edmontonfusionfc.com\\\/fr\\\/\"},{\"@type\":\"ListItem\",\"position\":2,\"name\":\"Soccer en fran\u00e7ais 2018, une premi\u00e8re ensoleill\u00e9e.\"}]},{\"@type\":\"WebSite\",\"@id\":\"https:\\\/\\\/edmontonfusionfc.com\\\/#website\",\"url\":\"https:\\\/\\\/edmontonfusionfc.com\\\/\",\"name\":\"Edmonton Fusion FC\",\"description\":\"Beyond Soccer.\",\"potentialAction\":[{\"@type\":\"SearchAction\",\"target\":{\"@type\":\"EntryPoint\",\"urlTemplate\":\"https:\\\/\\\/edmontonfusionfc.com\\\/?s={search_term_string}\"},\"query-input\":{\"@type\":\"PropertyValueSpecification\",\"valueRequired\":true,\"valueName\":\"search_term_string\"}}],\"inLanguage\":\"fr-FR\"},{\"@type\":\"Person\",\"@id\":\"https:\\\/\\\/edmontonfusionfc.com\\\/#\\\/schema\\\/person\\\/666e98c15e7df549bc040245a7c4c677\",\"name\":\"Edmonton Fusion FC\",\"image\":{\"@type\":\"ImageObject\",\"inLanguage\":\"fr-FR\",\"@id\":\"https:\\\/\\\/secure.gravatar.com\\\/avatar\\\/462d518a205f000d3b02596d4a9481eced07ab4876b71c412b73975d514b00e4?s=96&d=mm&r=g\",\"url\":\"https:\\\/\\\/secure.gravatar.com\\\/avatar\\\/462d518a205f000d3b02596d4a9481eced07ab4876b71c412b73975d514b00e4?s=96&d=mm&r=g\",\"contentUrl\":\"https:\\\/\\\/secure.gravatar.com\\\/avatar\\\/462d518a205f000d3b02596d4a9481eced07ab4876b71c412b73975d514b00e4?s=96&d=mm&r=g\",\"caption\":\"Edmonton Fusion FC\"},\"description\":\"Edmonton Fusion FC is a bilingual Soccer &amp; Futsal Club in Edmonton, Alberta.\",\"sameAs\":[\"http:\\\/\\\/edmontonfusionfc.com\",\"https:\\\/\\\/www.facebook.com\\\/EdmontonFusionFC\\\/\",\"https:\\\/\\\/x.com\\\/EdmontonFusion\"]}]}<\/script>\n<!-- \/ Yoast SEO plugin. -->","yoast_head_json":{"title":"Soccer en fran\u00e7ais 2018, une premi\u00e8re ensoleill\u00e9e. - Edmonton Fusion FC","robots":{"index":"index","follow":"follow","max-snippet":"max-snippet:-1","max-image-preview":"max-image-preview:large","max-video-preview":"max-video-preview:-1"},"canonical":"https:\/\/edmontonfusionfc.com\/fr\/soccer-en-francais-2018-une-premiere-ensoleillee\/","og_locale":"fr_FR","og_type":"article","og_title":"Soccer en fran\u00e7ais 2018, une premi\u00e8re ensoleill\u00e9e. - Edmonton Fusion FC","og_description":"Soccer en fran\u00e7ais, une premi\u00e8re ensoleill\u00e9e. La premi\u00e8re session du camp de printemps : Soccer en fran\u00e7ais s&rsquo;est d\u00e9roul\u00e9e ce samedi 5 mai \u00e0 l&rsquo;\u00c9cole Gabrielle-Roy. Les futures stars du ballon [&hellip;]","og_url":"https:\/\/edmontonfusionfc.com\/fr\/soccer-en-francais-2018-une-premiere-ensoleillee\/","og_site_name":"Edmonton Fusion FC","article_publisher":"https:\/\/www.facebook.com\/EdmontonFusionFC\/","article_author":"https:\/\/www.facebook.com\/EdmontonFusionFC\/","article_published_time":"2018-05-09T13:13:13+00:00","article_modified_time":"2020-08-11T13:30:33+00:00","og_image":[{"url":"http:\/\/edmontonfusionfc.com\/wp-content\/uploads\/Soccer-en-francais_Edmonton-Fusion-FC_5-e1545192325105.jpg","type":"","width":"","height":""}],"author":"Edmonton Fusion FC","twitter_card":"summary_large_image","twitter_creator":"@EdmontonFusion","twitter_site":"@EdmontonFusion","twitter_misc":{"\u00c9crit par":"Edmonton Fusion FC","Dur\u00e9e de lecture estim\u00e9e":"2 minutes"},"schema":{"@context":"https:\/\/schema.org","@graph":[{"@type":"Article","@id":"https:\/\/edmontonfusionfc.com\/fr\/soccer-en-francais-2018-une-premiere-ensoleillee\/#article","isPartOf":{"@id":"https:\/\/edmontonfusionfc.com\/fr\/soccer-en-francais-2018-une-premiere-ensoleillee\/"},"author":{"name":"Edmonton Fusion FC","@id":"https:\/\/edmontonfusionfc.com\/#\/schema\/person\/666e98c15e7df549bc040245a7c4c677"},"headline":"Soccer en fran\u00e7ais 2018, une premi\u00e8re ensoleill\u00e9e.","datePublished":"2018-05-09T13:13:13+00:00","dateModified":"2020-08-11T13:30:33+00:00","mainEntityOfPage":{"@id":"https:\/\/edmontonfusionfc.com\/fr\/soccer-en-francais-2018-une-premiere-ensoleillee\/"},"wordCount":376,"image":{"@id":"https:\/\/edmontonfusionfc.com\/fr\/soccer-en-francais-2018-une-premiere-ensoleillee\/#primaryimage"},"thumbnailUrl":"http:\/\/edmontonfusionfc.com\/wp-content\/uploads\/Soccer-en-francais_Edmonton-Fusion-FC_5-e1545192325105.jpg","articleSection":["Communaut\u00e9","Soccer"],"inLanguage":"fr-FR"},{"@type":"WebPage","@id":"https:\/\/edmontonfusionfc.com\/fr\/soccer-en-francais-2018-une-premiere-ensoleillee\/","url":"https:\/\/edmontonfusionfc.com\/fr\/soccer-en-francais-2018-une-premiere-ensoleillee\/","name":"Soccer en fran\u00e7ais 2018, une premi\u00e8re ensoleill\u00e9e. - Edmonton Fusion FC","isPartOf":{"@id":"https:\/\/edmontonfusionfc.com\/#website"},"primaryImageOfPage":{"@id":"https:\/\/edmontonfusionfc.com\/fr\/soccer-en-francais-2018-une-premiere-ensoleillee\/#primaryimage"},"image":{"@id":"https:\/\/edmontonfusionfc.com\/fr\/soccer-en-francais-2018-une-premiere-ensoleillee\/#primaryimage"},"thumbnailUrl":"http:\/\/edmontonfusionfc.com\/wp-content\/uploads\/Soccer-en-francais_Edmonton-Fusion-FC_5-e1545192325105.jpg","datePublished":"2018-05-09T13:13:13+00:00","dateModified":"2020-08-11T13:30:33+00:00","author":{"@id":"https:\/\/edmontonfusionfc.com\/#\/schema\/person\/666e98c15e7df549bc040245a7c4c677"},"breadcrumb":{"@id":"https:\/\/edmontonfusionfc.com\/fr\/soccer-en-francais-2018-une-premiere-ensoleillee\/#breadcrumb"},"inLanguage":"fr-FR","potentialAction":[{"@type":"ReadAction","target":["https:\/\/edmontonfusionfc.com\/fr\/soccer-en-francais-2018-une-premiere-ensoleillee\/"]}]},{"@type":"ImageObject","inLanguage":"fr-FR","@id":"https:\/\/edmontonfusionfc.com\/fr\/soccer-en-francais-2018-une-premiere-ensoleillee\/#primaryimage","url":"http:\/\/edmontonfusionfc.com\/wp-content\/uploads\/Soccer-en-francais_Edmonton-Fusion-FC_5-e1545192325105.jpg","contentUrl":"http:\/\/edmontonfusionfc.com\/wp-content\/uploads\/Soccer-en-francais_Edmonton-Fusion-FC_5-e1545192325105.jpg"},{"@type":"BreadcrumbList","@id":"https:\/\/edmontonfusionfc.com\/fr\/soccer-en-francais-2018-une-premiere-ensoleillee\/#breadcrumb","itemListElement":[{"@type":"ListItem","position":1,"name":"Home","item":"https:\/\/edmontonfusionfc.com\/fr\/"},{"@type":"ListItem","position":2,"name":"Soccer en fran\u00e7ais 2018, une premi\u00e8re ensoleill\u00e9e."}]},{"@type":"WebSite","@id":"https:\/\/edmontonfusionfc.com\/#website","url":"https:\/\/edmontonfusionfc.com\/","name":"Edmonton Fusion FC","description":"Beyond Soccer.","potentialAction":[{"@type":"SearchAction","target":{"@type":"EntryPoint","urlTemplate":"https:\/\/edmontonfusionfc.com\/?s={search_term_string}"},"query-input":{"@type":"PropertyValueSpecification","valueRequired":true,"valueName":"search_term_string"}}],"inLanguage":"fr-FR"},{"@type":"Person","@id":"https:\/\/edmontonfusionfc.com\/#\/schema\/person\/666e98c15e7df549bc040245a7c4c677","name":"Edmonton Fusion FC","image":{"@type":"ImageObject","inLanguage":"fr-FR","@id":"https:\/\/secure.gravatar.com\/avatar\/462d518a205f000d3b02596d4a9481eced07ab4876b71c412b73975d514b00e4?s=96&d=mm&r=g","url":"https:\/\/secure.gravatar.com\/avatar\/462d518a205f000d3b02596d4a9481eced07ab4876b71c412b73975d514b00e4?s=96&d=mm&r=g","contentUrl":"https:\/\/secure.gravatar.com\/avatar\/462d518a205f000d3b02596d4a9481eced07ab4876b71c412b73975d514b00e4?s=96&d=mm&r=g","caption":"Edmonton Fusion FC"},"description":"Edmonton Fusion FC is a bilingual Soccer &amp; Futsal Club in Edmonton, Alberta.","sameAs":["http:\/\/edmontonfusionfc.com","https:\/\/www.facebook.com\/EdmontonFusionFC\/","https:\/\/x.com\/EdmontonFusion"]}]}},"_links":{"self":[{"href":"https:\/\/edmontonfusionfc.com\/fr\/wp-json\/wp\/v2\/posts\/8440","targetHints":{"allow":["GET"]}}],"collection":[{"href":"https:\/\/edmontonfusionfc.com\/fr\/wp-json\/wp\/v2\/posts"}],"about":[{"href":"https:\/\/edmontonfusionfc.com\/fr\/wp-json\/wp\/v2\/types\/post"}],"author":[{"embeddable":true,"href":"https:\/\/edmontonfusionfc.com\/fr\/wp-json\/wp\/v2\/users\/1"}],"replies":[{"embeddable":true,"href":"https:\/\/edmontonfusionfc.com\/fr\/wp-json\/wp\/v2\/comments?post=8440"}],"version-history":[{"count":0,"href":"https:\/\/edmontonfusionfc.com\/fr\/wp-json\/wp\/v2\/posts\/8440\/revisions"}],"wp:attachment":[{"href":"https:\/\/edmontonfusionfc.com\/fr\/wp-json\/wp\/v2\/media?parent=8440"}],"wp:term":[{"taxonomy":"category","embeddable":true,"href":"https:\/\/edmontonfusionfc.com\/fr\/wp-json\/wp\/v2\/categories?post=8440"},{"taxonomy":"post_tag","embeddable":true,"href":"https:\/\/edmontonfusionfc.com\/fr\/wp-json\/wp\/v2\/tags?post=8440"}],"curies":[{"name":"wp","href":"https:\/\/api.w.org\/{rel}","templated":true}]}}