{"id":11706,"date":"2021-11-17T19:14:15","date_gmt":"2021-11-18T02:14:15","guid":{"rendered":"http:\/\/edmontonfusionfc.com\/?p=11706"},"modified":"2022-09-18T07:07:05","modified_gmt":"2022-09-18T13:07:05","slug":"concours-de-dessin-des-fetes","status":"publish","type":"post","link":"https:\/\/edmontonfusionfc.com\/fr\/concours-de-dessin-des-fetes\/","title":{"rendered":"Concours de dessin des f\u00eates"},"content":{"rendered":"<p><strong>Pour cette fin d&rsquo;ann\u00e9e 2021, le Edmonton Fusion FC lance son concours de dessin pour les enfants de 4 \u00e0 9 ans sur le th\u00e8me \u00abBallon de Soccer Des f\u00eates!\u00bb<\/strong><\/p>\n<p>Laissez vos enfants imaginer leur ballon de soccer id\u00e9al inspir\u00e9s des f\u00eates de fin d&rsquo;ann\u00e9e.<\/p>\n<p>\u00c0 gagner<br \/>\n&#8211; Carte cadeau de 25$ \u00e0 tirer au sort parmi tous les participants.<br \/>\n&#8211; Le meilleur dessin repr\u00e9sentera le visuel de la carte de voeux du club.<br \/>\n&#8211; Une s\u00e9lection des meilleurs dessins sera publi\u00e9e dans le journal Le Franco.<\/p>\n<p><strong>Conditions de participations :<\/strong><br \/>\n\u00c2ge de participation : enfant de 4 \u00e0 9 ans.<br \/>\nLe dessin doit obligatoirement contenir un ballon de soccer suffisamment grand pour qu&rsquo;il soit l&rsquo;\u00e9l\u00e9ment central de l&rsquo;oeuvre. Autour du ballon, les enfants sont libres de dessiner ce qu&rsquo;ils veulent qui repr\u00e9sente le temps des f\u00eates (ex: sapins, d\u00e9corations, p\u00e8re noel , etc.)<\/p>\n<p>Envoyez les dessins num\u00e9ris\u00e9s avant le <strong>1er d\u00e9cembre<\/strong> 2021\u00a0avec les d\u00e9tails suivants :<\/p>\n<ul>\n<li>le pr\u00e9nom et nom de l&rsquo;enfant<\/li>\n<li>son \u00e2ge et date de naissance<\/li>\n<li>adresse postale<\/li>\n<\/ul>\n<p>Les meilleurs dessins re\u00e7us seront publi\u00e9s dans l&rsquo;\u00e9dition du 8 d\u00e9cembre du journal Le Franco. Le tirage au sort de la carte cadeau de 25$ sera r\u00e9alis\u00e9 le 10 d\u00e9cembre parmi tous les participants.<\/p>\n<p>Bonne chance! \ud83d\ude42<\/p>\n","protected":false},"excerpt":{"rendered":"<p>Pour cette fin d&rsquo;ann\u00e9e 2021, le Edmonton Fusion FC lance son concours de dessin pour les enfants de 4 \u00e0 9 ans sur le th\u00e8me \u00abBallon de Soccer Des f\u00eates!\u00bb Laissez [&hellip;]<\/p>\n","protected":false},"author":1,"featured_media":0,"comment_status":"closed","ping_status":"closed","sticky":false,"template":"","format":"standard","meta":{"footnotes":""},"categories":[931],"tags":[],"class_list":["post-11706","post","type-post","status-publish","format-standard","hentry","category-communaute_fr"],"yoast_head":"<!-- This site is optimized with the Yoast SEO plugin v27.5 - https:\/\/yoast.com\/product\/yoast-seo-wordpress\/ -->\n<title>Concours de dessin des f\u00eates - Edmonton Fusion FC<\/title>\n<meta name=\"description\" content=\"Le Edmonton Fusion FC lance son concours de dessin pour les enfants de 4 \u00e0 9 ans sur le th\u00e8me \u00abBallon de Soccer Des f\u00eates!\u00bb\" \/>\n<meta name=\"robots\" content=\"index, follow, max-snippet:-1, max-image-preview:large, max-video-preview:-1\" \/>\n<link rel=\"canonical\" href=\"https:\/\/edmontonfusionfc.com\/fr\/concours-de-dessin-des-fetes\/\" \/>\n<meta property=\"og:locale\" content=\"fr_FR\" \/>\n<meta property=\"og:type\" content=\"article\" \/>\n<meta property=\"og:title\" content=\"Concours de dessin des f\u00eates - Edmonton Fusion FC\" \/>\n<meta property=\"og:description\" content=\"Le Edmonton Fusion FC lance son concours de dessin pour les enfants de 4 \u00e0 9 ans sur le th\u00e8me \u00abBallon de Soccer Des f\u00eates!\u00bb\" \/>\n<meta property=\"og:url\" content=\"https:\/\/edmontonfusionfc.com\/fr\/concours-de-dessin-des-fetes\/\" \/>\n<meta property=\"og:site_name\" content=\"Edmonton Fusion FC\" \/>\n<meta property=\"article:publisher\" content=\"https:\/\/www.facebook.com\/EdmontonFusionFC\/\" \/>\n<meta property=\"article:author\" content=\"https:\/\/www.facebook.com\/EdmontonFusionFC\/\" \/>\n<meta property=\"article:published_time\" content=\"2021-11-18T02:14:15+00:00\" \/>\n<meta property=\"article:modified_time\" content=\"2022-09-18T13:07:05+00:00\" \/>\n<meta name=\"author\" content=\"Edmonton Fusion FC\" \/>\n<meta name=\"twitter:card\" content=\"summary_large_image\" \/>\n<meta name=\"twitter:creator\" content=\"@EdmontonFusion\" \/>\n<meta name=\"twitter:site\" content=\"@EdmontonFusion\" \/>\n<meta name=\"twitter:label1\" content=\"\u00c9crit par\" \/>\n\t<meta name=\"twitter:data1\" content=\"Edmonton Fusion FC\" \/>\n\t<meta name=\"twitter:label2\" content=\"Dur\u00e9e de lecture estim\u00e9e\" \/>\n\t<meta name=\"twitter:data2\" content=\"1 minute\" \/>\n<script type=\"application\/ld+json\" class=\"yoast-schema-graph\">{\"@context\":\"https:\\\/\\\/schema.org\",\"@graph\":[{\"@type\":\"Article\",\"@id\":\"https:\\\/\\\/edmontonfusionfc.com\\\/fr\\\/concours-de-dessin-des-fetes\\\/#article\",\"isPartOf\":{\"@id\":\"https:\\\/\\\/edmontonfusionfc.com\\\/fr\\\/concours-de-dessin-des-fetes\\\/\"},\"author\":{\"name\":\"Edmonton Fusion FC\",\"@id\":\"https:\\\/\\\/edmontonfusionfc.com\\\/#\\\/schema\\\/person\\\/666e98c15e7df549bc040245a7c4c677\"},\"headline\":\"Concours de dessin des f\u00eates\",\"datePublished\":\"2021-11-18T02:14:15+00:00\",\"dateModified\":\"2022-09-18T13:07:05+00:00\",\"mainEntityOfPage\":{\"@id\":\"https:\\\/\\\/edmontonfusionfc.com\\\/fr\\\/concours-de-dessin-des-fetes\\\/\"},\"wordCount\":223,\"articleSection\":[\"Communaut\u00e9\"],\"inLanguage\":\"fr-FR\"},{\"@type\":\"WebPage\",\"@id\":\"https:\\\/\\\/edmontonfusionfc.com\\\/fr\\\/concours-de-dessin-des-fetes\\\/\",\"url\":\"https:\\\/\\\/edmontonfusionfc.com\\\/fr\\\/concours-de-dessin-des-fetes\\\/\",\"name\":\"Concours de dessin des f\u00eates - Edmonton Fusion FC\",\"isPartOf\":{\"@id\":\"https:\\\/\\\/edmontonfusionfc.com\\\/#website\"},\"datePublished\":\"2021-11-18T02:14:15+00:00\",\"dateModified\":\"2022-09-18T13:07:05+00:00\",\"author\":{\"@id\":\"https:\\\/\\\/edmontonfusionfc.com\\\/#\\\/schema\\\/person\\\/666e98c15e7df549bc040245a7c4c677\"},\"description\":\"Le Edmonton Fusion FC lance son concours de dessin pour les enfants de 4 \u00e0 9 ans sur le th\u00e8me \u00abBallon de Soccer Des f\u00eates!\u00bb\",\"breadcrumb\":{\"@id\":\"https:\\\/\\\/edmontonfusionfc.com\\\/fr\\\/concours-de-dessin-des-fetes\\\/#breadcrumb\"},\"inLanguage\":\"fr-FR\",\"potentialAction\":[{\"@type\":\"ReadAction\",\"target\":[\"https:\\\/\\\/edmontonfusionfc.com\\\/fr\\\/concours-de-dessin-des-fetes\\\/\"]}]},{\"@type\":\"BreadcrumbList\",\"@id\":\"https:\\\/\\\/edmontonfusionfc.com\\\/fr\\\/concours-de-dessin-des-fetes\\\/#breadcrumb\",\"itemListElement\":[{\"@type\":\"ListItem\",\"position\":1,\"name\":\"Home\",\"item\":\"https:\\\/\\\/edmontonfusionfc.com\\\/fr\\\/\"},{\"@type\":\"ListItem\",\"position\":2,\"name\":\"Concours de dessin des f\u00eates\"}]},{\"@type\":\"WebSite\",\"@id\":\"https:\\\/\\\/edmontonfusionfc.com\\\/#website\",\"url\":\"https:\\\/\\\/edmontonfusionfc.com\\\/\",\"name\":\"Edmonton Fusion FC\",\"description\":\"Beyond Soccer.\",\"potentialAction\":[{\"@type\":\"SearchAction\",\"target\":{\"@type\":\"EntryPoint\",\"urlTemplate\":\"https:\\\/\\\/edmontonfusionfc.com\\\/?s={search_term_string}\"},\"query-input\":{\"@type\":\"PropertyValueSpecification\",\"valueRequired\":true,\"valueName\":\"search_term_string\"}}],\"inLanguage\":\"fr-FR\"},{\"@type\":\"Person\",\"@id\":\"https:\\\/\\\/edmontonfusionfc.com\\\/#\\\/schema\\\/person\\\/666e98c15e7df549bc040245a7c4c677\",\"name\":\"Edmonton Fusion FC\",\"image\":{\"@type\":\"ImageObject\",\"inLanguage\":\"fr-FR\",\"@id\":\"https:\\\/\\\/secure.gravatar.com\\\/avatar\\\/462d518a205f000d3b02596d4a9481eced07ab4876b71c412b73975d514b00e4?s=96&d=mm&r=g\",\"url\":\"https:\\\/\\\/secure.gravatar.com\\\/avatar\\\/462d518a205f000d3b02596d4a9481eced07ab4876b71c412b73975d514b00e4?s=96&d=mm&r=g\",\"contentUrl\":\"https:\\\/\\\/secure.gravatar.com\\\/avatar\\\/462d518a205f000d3b02596d4a9481eced07ab4876b71c412b73975d514b00e4?s=96&d=mm&r=g\",\"caption\":\"Edmonton Fusion FC\"},\"description\":\"Edmonton Fusion FC is a bilingual Soccer &amp; Futsal Club in Edmonton, Alberta.\",\"sameAs\":[\"http:\\\/\\\/edmontonfusionfc.com\",\"https:\\\/\\\/www.facebook.com\\\/EdmontonFusionFC\\\/\",\"https:\\\/\\\/x.com\\\/EdmontonFusion\"]}]}<\/script>\n<!-- \/ Yoast SEO plugin. -->","yoast_head_json":{"title":"Concours de dessin des f\u00eates - Edmonton Fusion FC","description":"Le Edmonton Fusion FC lance son concours de dessin pour les enfants de 4 \u00e0 9 ans sur le th\u00e8me \u00abBallon de Soccer Des f\u00eates!\u00bb","robots":{"index":"index","follow":"follow","max-snippet":"max-snippet:-1","max-image-preview":"max-image-preview:large","max-video-preview":"max-video-preview:-1"},"canonical":"https:\/\/edmontonfusionfc.com\/fr\/concours-de-dessin-des-fetes\/","og_locale":"fr_FR","og_type":"article","og_title":"Concours de dessin des f\u00eates - Edmonton Fusion FC","og_description":"Le Edmonton Fusion FC lance son concours de dessin pour les enfants de 4 \u00e0 9 ans sur le th\u00e8me \u00abBallon de Soccer Des f\u00eates!\u00bb","og_url":"https:\/\/edmontonfusionfc.com\/fr\/concours-de-dessin-des-fetes\/","og_site_name":"Edmonton Fusion FC","article_publisher":"https:\/\/www.facebook.com\/EdmontonFusionFC\/","article_author":"https:\/\/www.facebook.com\/EdmontonFusionFC\/","article_published_time":"2021-11-18T02:14:15+00:00","article_modified_time":"2022-09-18T13:07:05+00:00","author":"Edmonton Fusion FC","twitter_card":"summary_large_image","twitter_creator":"@EdmontonFusion","twitter_site":"@EdmontonFusion","twitter_misc":{"\u00c9crit par":"Edmonton Fusion FC","Dur\u00e9e de lecture estim\u00e9e":"1 minute"},"schema":{"@context":"https:\/\/schema.org","@graph":[{"@type":"Article","@id":"https:\/\/edmontonfusionfc.com\/fr\/concours-de-dessin-des-fetes\/#article","isPartOf":{"@id":"https:\/\/edmontonfusionfc.com\/fr\/concours-de-dessin-des-fetes\/"},"author":{"name":"Edmonton Fusion FC","@id":"https:\/\/edmontonfusionfc.com\/#\/schema\/person\/666e98c15e7df549bc040245a7c4c677"},"headline":"Concours de dessin des f\u00eates","datePublished":"2021-11-18T02:14:15+00:00","dateModified":"2022-09-18T13:07:05+00:00","mainEntityOfPage":{"@id":"https:\/\/edmontonfusionfc.com\/fr\/concours-de-dessin-des-fetes\/"},"wordCount":223,"articleSection":["Communaut\u00e9"],"inLanguage":"fr-FR"},{"@type":"WebPage","@id":"https:\/\/edmontonfusionfc.com\/fr\/concours-de-dessin-des-fetes\/","url":"https:\/\/edmontonfusionfc.com\/fr\/concours-de-dessin-des-fetes\/","name":"Concours de dessin des f\u00eates - Edmonton Fusion FC","isPartOf":{"@id":"https:\/\/edmontonfusionfc.com\/#website"},"datePublished":"2021-11-18T02:14:15+00:00","dateModified":"2022-09-18T13:07:05+00:00","author":{"@id":"https:\/\/edmontonfusionfc.com\/#\/schema\/person\/666e98c15e7df549bc040245a7c4c677"},"description":"Le Edmonton Fusion FC lance son concours de dessin pour les enfants de 4 \u00e0 9 ans sur le th\u00e8me \u00abBallon de Soccer Des f\u00eates!\u00bb","breadcrumb":{"@id":"https:\/\/edmontonfusionfc.com\/fr\/concours-de-dessin-des-fetes\/#breadcrumb"},"inLanguage":"fr-FR","potentialAction":[{"@type":"ReadAction","target":["https:\/\/edmontonfusionfc.com\/fr\/concours-de-dessin-des-fetes\/"]}]},{"@type":"BreadcrumbList","@id":"https:\/\/edmontonfusionfc.com\/fr\/concours-de-dessin-des-fetes\/#breadcrumb","itemListElement":[{"@type":"ListItem","position":1,"name":"Home","item":"https:\/\/edmontonfusionfc.com\/fr\/"},{"@type":"ListItem","position":2,"name":"Concours de dessin des f\u00eates"}]},{"@type":"WebSite","@id":"https:\/\/edmontonfusionfc.com\/#website","url":"https:\/\/edmontonfusionfc.com\/","name":"Edmonton Fusion FC","description":"Beyond Soccer.","potentialAction":[{"@type":"SearchAction","target":{"@type":"EntryPoint","urlTemplate":"https:\/\/edmontonfusionfc.com\/?s={search_term_string}"},"query-input":{"@type":"PropertyValueSpecification","valueRequired":true,"valueName":"search_term_string"}}],"inLanguage":"fr-FR"},{"@type":"Person","@id":"https:\/\/edmontonfusionfc.com\/#\/schema\/person\/666e98c15e7df549bc040245a7c4c677","name":"Edmonton Fusion FC","image":{"@type":"ImageObject","inLanguage":"fr-FR","@id":"https:\/\/secure.gravatar.com\/avatar\/462d518a205f000d3b02596d4a9481eced07ab4876b71c412b73975d514b00e4?s=96&d=mm&r=g","url":"https:\/\/secure.gravatar.com\/avatar\/462d518a205f000d3b02596d4a9481eced07ab4876b71c412b73975d514b00e4?s=96&d=mm&r=g","contentUrl":"https:\/\/secure.gravatar.com\/avatar\/462d518a205f000d3b02596d4a9481eced07ab4876b71c412b73975d514b00e4?s=96&d=mm&r=g","caption":"Edmonton Fusion FC"},"description":"Edmonton Fusion FC is a bilingual Soccer &amp; Futsal Club in Edmonton, Alberta.","sameAs":["http:\/\/edmontonfusionfc.com","https:\/\/www.facebook.com\/EdmontonFusionFC\/","https:\/\/x.com\/EdmontonFusion"]}]}},"_links":{"self":[{"href":"https:\/\/edmontonfusionfc.com\/fr\/wp-json\/wp\/v2\/posts\/11706","targetHints":{"allow":["GET"]}}],"collection":[{"href":"https:\/\/edmontonfusionfc.com\/fr\/wp-json\/wp\/v2\/posts"}],"about":[{"href":"https:\/\/edmontonfusionfc.com\/fr\/wp-json\/wp\/v2\/types\/post"}],"author":[{"embeddable":true,"href":"https:\/\/edmontonfusionfc.com\/fr\/wp-json\/wp\/v2\/users\/1"}],"replies":[{"embeddable":true,"href":"https:\/\/edmontonfusionfc.com\/fr\/wp-json\/wp\/v2\/comments?post=11706"}],"version-history":[{"count":2,"href":"https:\/\/edmontonfusionfc.com\/fr\/wp-json\/wp\/v2\/posts\/11706\/revisions"}],"predecessor-version":[{"id":12724,"href":"https:\/\/edmontonfusionfc.com\/fr\/wp-json\/wp\/v2\/posts\/11706\/revisions\/12724"}],"wp:attachment":[{"href":"https:\/\/edmontonfusionfc.com\/fr\/wp-json\/wp\/v2\/media?parent=11706"}],"wp:term":[{"taxonomy":"category","embeddable":true,"href":"https:\/\/edmontonfusionfc.com\/fr\/wp-json\/wp\/v2\/categories?post=11706"},{"taxonomy":"post_tag","embeddable":true,"href":"https:\/\/edmontonfusionfc.com\/fr\/wp-json\/wp\/v2\/tags?post=11706"}],"curies":[{"name":"wp","href":"https:\/\/api.w.org\/{rel}","templated":true}]}}